{"id":310,"date":"2024-09-17T15:30:46","date_gmt":"2024-09-17T12:30:46","guid":{"rendered":"https:\/\/opikielia.fi\/?p=310"},"modified":"2024-09-17T15:30:47","modified_gmt":"2024-09-17T12:30:47","slug":"monia-kielia-vai-monikielisyytta","status":"publish","type":"post","link":"https:\/\/opikielia.fi\/index.php\/2024\/09\/17\/monia-kielia-vai-monikielisyytta\/","title":{"rendered":"Monia kieli\u00e4 vai monikielisyytt\u00e4?"},"content":{"rendered":"\n<p>Huhtikuussa 2024 minut oli kutsuttu Oodi-kirjastoon puhumaan <a href=\"https:\/\/www.kirjastot.fi\/monikielinen-kirjasto\/info\" target=\"_blank\" rel=\"noreferrer noopener\">Monikielisen kirjaston <\/a>j\u00e4rjest\u00e4m\u00e4\u00e4n seminaariin. Tapahtuma j\u00e4rjestettiin osana Monikielisen kirjaston teemavuotta. Tallenteen esityksest\u00e4ni voi katsoa kokonaisuudessaan <a href=\"https:\/\/www.kirjastokaista.fi\/lotta-aunio-monia-kielia-vai-monikielisyytta\/\" target=\"_blank\" rel=\"noreferrer noopener\">t\u00e4\u00e4lt\u00e4<\/a>, mutta t\u00e4ss\u00e4 muutamia ajatuksia monikielisyydest\u00e4.<\/p>\n\n\n\n<p>Tarkoittaako \u201dmonet kielet\u201d ja \u201dmonikielisyys\u201d siis samaa? Kyll\u00e4 ja ei, sill\u00e4 molempia termej\u00e4 k\u00e4ytet\u00e4\u00e4n usein kahdesta hyvin erilaisesta ajatuksesta kielist\u00e4.<\/p>\n\n\n\n<p>Kielten standardointi ja l\u00e4nsimainen koulutusj\u00e4rjestelm\u00e4 korostavat kielten erillisyytt\u00e4 ja itsen\u00e4ist\u00e4 olemassaoloa. Tietyill\u00e4 kielill\u00e4 on tietty asema yhteiskunnassa, esimerkiksi Suomessa viralliset kielet ovat suomi ja ruotsi ja koulunsa voi k\u00e4yd\u00e4 p\u00e4\u00e4s\u00e4\u00e4nt\u00f6isesti jommallakummalla kielell\u00e4. Kun koulussa opiskellaan kieli\u00e4, on kielen nimi samalla oppiaineen nimi ja sill\u00e4 on tyypillisesti lukuj\u00e4rjestyksess\u00e4 oma lokeronsa, eik\u00e4 esimerkiksi ruotsin tunnilla opiskella englantia tai ranskaa.<\/p>\n\n\n\n<p>Arjessa kohtaamme kuitenkin monia kieli\u00e4 p\u00e4ivitt\u00e4in, ja nykyisin kuuleekin usein sanottavan, ett\u00e4 maailmasta on tullut monikielinen. Mutta ajatus kielist\u00e4 toisistaan erillisin\u00e4 on siirtynyt my\u00f6s monikielisyyden k\u00e4sitt\u00e4miseen. Usein nimitt\u00e4in ajatellaan, ett\u00e4 kaksikielinen on sellainen henkil\u00f6, joka osaa \u201d<a href=\"https:\/\/opikielia.fi\/index.php\/2023\/09\/19\/kielenoppimisen-tutkimuksen-lyhyt-historia\/\" target=\"_blank\" rel=\"noreferrer noopener\">natiivipuhujan<\/a>\u201d tavoin molempia kieli\u00e4\u00e4n tai ett\u00e4 monikielisen pit\u00e4isi selvit\u00e4 kaikilla hallitsemillaan kielill\u00e4 yht\u00e4 lailla kaikilla el\u00e4m\u00e4n osa-alueilla. Eri kielten siis ajatellaan olevan jollain tavalla erillisi\u00e4. Niinp\u00e4 esimerkiksi Monikielisen kirjaston aineistohauissa t\u00e4ytyy valita, mink\u00e4 kielist\u00e4 aineistoa hakee, ja kirjaston luokitteluj\u00e4rjestelm\u00e4 pakottaa luokittelemaan monikielisen aineiston jonkun yksitt\u00e4isen kielen alle.<\/p>\n\n\n\n<p>Mutta maailma on mit\u00e4 ilmeisimmin ollut monikielinen aina. Ajatus monikielisyyden syntymisest\u00e4 viime vuosina ja vuosikymmenin\u00e4 kumpuaa l\u00e4nsimaisista yhteiskunnista, joissa kansallisvaltioideologia on korostanut kielen ja kansakunnan kiinte\u00e4\u00e4 suhdetta ja usein yhden vallitsevan kielen politiikkaa, jossa muut kielet on h\u00e4ivytetty virallisesta todellisuudesta. Euroopassakin yksikielisyytt\u00e4 ihannoiva aika on kuitenkin ollut verrattain lyhyt, vain noin sata vuotta, ja esimerkiksi Afrikassa ja Aasissa monikielisyys on ollut arkip\u00e4iv\u00e4\u00e4 kautta aikojen.<\/p>\n\n\n\n<blockquote class=\"wp-block-quote is-layout-flow wp-block-quote-is-layout-flow\">\n<p>Monikielisyys ei tarkoita vastaavaa kielitaitoa useammassa eri kieless\u00e4, vaan kaikki yksil\u00f6n osaamat kielet muodostavat yhdess\u00e4 h\u00e4nen kielellisen repertuaarinsa. <\/p>\n<\/blockquote>\n\n\n\n<p>Yksil\u00f6n monikielisyys ei tarkoita sit\u00e4, ett\u00e4 h\u00e4nell\u00e4 olisi v\u00e4ltt\u00e4m\u00e4tt\u00e4 vastaava kielitaito useammassa eri kieless\u00e4, vaan kaikki yksil\u00f6n osaamat kielet muodostavat yhdess\u00e4 h\u00e4nen kielellisen repertuaarinsa. Eri kieli\u00e4 k\u00e4ytet\u00e4\u00e4n arjessa erilaisiin tarkoituksiin eik\u00e4 kielten rajat ole k\u00e4yt\u00e4nn\u00f6ss\u00e4 mitenk\u00e4\u00e4n selvi\u00e4, kun monia kieli\u00e4 osaavat voivat ammentaa ilmaisua kaikista niist\u00e4 kielist\u00e4 joita osaavat. Eri kielet eiv\u00e4t my\u00f6sk\u00e4\u00e4n ole ihmisten aivoissa jotenkin erillisiss\u00e4 lokeroissa, vaan kielitaito on kokonaisuus. T\u00e4ss\u00e4 kokonaisuudessa voi olla eri laajuista taitoa eri kieliss\u00e4, ja kokonaisuus \u2013 koko kielellisen repertuaarin summa \u2013 mahdollistaa vuorovaikutuksen ja toimimisen mielekk\u00e4\u00e4sti eri tilanteissa.<\/p>\n","protected":false},"excerpt":{"rendered":"<p>Huhtikuussa 2024 minut oli kutsuttu Oodi-kirjastoon puhumaan Monikielisen kirjaston j\u00e4rjest\u00e4m\u00e4\u00e4n seminaariin. Tapahtuma j\u00e4rjestettiin osana Monikielisen kirjaston teemavuotta. Tallenteen esityksest\u00e4ni voi katsoa kokonaisuudessaan t\u00e4\u00e4lt\u00e4, mutta t\u00e4ss\u00e4 muutamia ajatuksia monikielisyydest\u00e4. Tarkoittaako \u201dmonet kielet\u201d ja \u201dmonikielisyys\u201d siis samaa? Kyll\u00e4 ja ei, sill\u00e4 molempia termej\u00e4 k\u00e4ytet\u00e4\u00e4n usein kahdesta hyvin erilaisesta ajatuksesta kielist\u00e4. Kielten standardointi ja l\u00e4nsimainen koulutusj\u00e4rjestelm\u00e4 korostavat kielten &hellip; <\/p>\n","protected":false},"author":1,"featured_media":303,"comment_status":"closed","ping_status":"open","sticky":false,"template":"","format":"standard","meta":{"footnotes":""},"categories":[8],"tags":[15],"class_list":["post-310","post","type-post","status-publish","format-standard","has-post-thumbnail","hentry","category-blogi","tag-monikielisyys","grid-sizer"],"yoast_head":"<!-- This site is optimized with the Yoast SEO plugin v27.5 - https:\/\/yoast.com\/product\/yoast-seo-wordpress\/ -->\n<title>Monia kieli\u00e4 vai monikielisyytt\u00e4? - Opi kieli&auml;<\/title>\n<meta name=\"description\" content=\"Yksil\u00f6n monikielisyys ei tarkoita sit\u00e4, ett\u00e4 h\u00e4nell\u00e4 olisi v\u00e4ltt\u00e4m\u00e4tt\u00e4 vastaava kielitaito useammassa eri kieless\u00e4, vaan kaikki yksil\u00f6n osaamat kielet muodostavat yhdess\u00e4 h\u00e4nen kielellisen repertuaarinsa.\" \/>\n<meta name=\"robots\" content=\"index, follow, max-snippet:-1, max-image-preview:large, max-video-preview:-1\" \/>\n<link rel=\"canonical\" href=\"https:\/\/opikielia.fi\/index.php\/2024\/09\/17\/monia-kielia-vai-monikielisyytta\/\" \/>\n<meta property=\"og:locale\" content=\"fi_FI\" \/>\n<meta property=\"og:type\" content=\"article\" \/>\n<meta property=\"og:title\" content=\"Monia kieli\u00e4 vai monikielisyytt\u00e4? - Opi kieli&auml;\" \/>\n<meta property=\"og:description\" content=\"Yksil\u00f6n monikielisyys ei tarkoita sit\u00e4, ett\u00e4 h\u00e4nell\u00e4 olisi v\u00e4ltt\u00e4m\u00e4tt\u00e4 vastaava kielitaito useammassa eri kieless\u00e4, vaan kaikki yksil\u00f6n osaamat kielet muodostavat yhdess\u00e4 h\u00e4nen kielellisen repertuaarinsa.\" \/>\n<meta property=\"og:url\" content=\"https:\/\/opikielia.fi\/index.php\/2024\/09\/17\/monia-kielia-vai-monikielisyytta\/\" \/>\n<meta property=\"og:site_name\" content=\"Opi kieli&auml;\" \/>\n<meta property=\"article:published_time\" content=\"2024-09-17T12:30:46+00:00\" \/>\n<meta property=\"article:modified_time\" content=\"2024-09-17T12:30:47+00:00\" \/>\n<meta property=\"og:image\" content=\"https:\/\/opikielia.fi\/wp-content\/uploads\/2024\/08\/PXL_20240621_105522737-scaled-e1726575471816.jpg\" \/>\n\t<meta property=\"og:image:width\" content=\"1928\" \/>\n\t<meta property=\"og:image:height\" content=\"1574\" \/>\n\t<meta property=\"og:image:type\" content=\"image\/jpeg\" \/>\n<meta name=\"author\" content=\"Lotta\" \/>\n<meta name=\"twitter:card\" content=\"summary_large_image\" \/>\n<meta name=\"twitter:label1\" content=\"Kirjoittanut\" \/>\n\t<meta name=\"twitter:data1\" content=\"Lotta\" \/>\n\t<meta name=\"twitter:label2\" content=\"Arvioitu lukuaika\" \/>\n\t<meta name=\"twitter:data2\" content=\"3 minuuttia\" \/>\n<script type=\"application\/ld+json\" class=\"yoast-schema-graph\">{\"@context\":\"https:\\\/\\\/schema.org\",\"@graph\":[{\"@type\":\"Article\",\"@id\":\"https:\\\/\\\/opikielia.fi\\\/index.php\\\/2024\\\/09\\\/17\\\/monia-kielia-vai-monikielisyytta\\\/#article\",\"isPartOf\":{\"@id\":\"https:\\\/\\\/opikielia.fi\\\/index.php\\\/2024\\\/09\\\/17\\\/monia-kielia-vai-monikielisyytta\\\/\"},\"author\":{\"name\":\"Lotta\",\"@id\":\"http:\\\/\\\/opikielia.fi\\\/#\\\/schema\\\/person\\\/100e51ded37085b3300c28b7e6fa257f\"},\"headline\":\"Monia kieli\u00e4 vai monikielisyytt\u00e4?\",\"datePublished\":\"2024-09-17T12:30:46+00:00\",\"dateModified\":\"2024-09-17T12:30:47+00:00\",\"mainEntityOfPage\":{\"@id\":\"https:\\\/\\\/opikielia.fi\\\/index.php\\\/2024\\\/09\\\/17\\\/monia-kielia-vai-monikielisyytta\\\/\"},\"wordCount\":411,\"publisher\":{\"@id\":\"http:\\\/\\\/opikielia.fi\\\/#\\\/schema\\\/person\\\/100e51ded37085b3300c28b7e6fa257f\"},\"image\":{\"@id\":\"https:\\\/\\\/opikielia.fi\\\/index.php\\\/2024\\\/09\\\/17\\\/monia-kielia-vai-monikielisyytta\\\/#primaryimage\"},\"thumbnailUrl\":\"https:\\\/\\\/opikielia.fi\\\/wp-content\\\/uploads\\\/2024\\\/08\\\/PXL_20240621_105522737-scaled-e1726575471816.jpg\",\"keywords\":[\"monikielisyys\"],\"articleSection\":[\"blogi\"],\"inLanguage\":\"fi\"},{\"@type\":\"WebPage\",\"@id\":\"https:\\\/\\\/opikielia.fi\\\/index.php\\\/2024\\\/09\\\/17\\\/monia-kielia-vai-monikielisyytta\\\/\",\"url\":\"https:\\\/\\\/opikielia.fi\\\/index.php\\\/2024\\\/09\\\/17\\\/monia-kielia-vai-monikielisyytta\\\/\",\"name\":\"Monia kieli\u00e4 vai monikielisyytt\u00e4? - Opi kieli&auml;\",\"isPartOf\":{\"@id\":\"http:\\\/\\\/opikielia.fi\\\/#website\"},\"primaryImageOfPage\":{\"@id\":\"https:\\\/\\\/opikielia.fi\\\/index.php\\\/2024\\\/09\\\/17\\\/monia-kielia-vai-monikielisyytta\\\/#primaryimage\"},\"image\":{\"@id\":\"https:\\\/\\\/opikielia.fi\\\/index.php\\\/2024\\\/09\\\/17\\\/monia-kielia-vai-monikielisyytta\\\/#primaryimage\"},\"thumbnailUrl\":\"https:\\\/\\\/opikielia.fi\\\/wp-content\\\/uploads\\\/2024\\\/08\\\/PXL_20240621_105522737-scaled-e1726575471816.jpg\",\"datePublished\":\"2024-09-17T12:30:46+00:00\",\"dateModified\":\"2024-09-17T12:30:47+00:00\",\"description\":\"Yksil\u00f6n monikielisyys ei tarkoita sit\u00e4, ett\u00e4 h\u00e4nell\u00e4 olisi v\u00e4ltt\u00e4m\u00e4tt\u00e4 vastaava kielitaito useammassa eri kieless\u00e4, vaan kaikki yksil\u00f6n osaamat kielet muodostavat yhdess\u00e4 h\u00e4nen kielellisen repertuaarinsa.\",\"breadcrumb\":{\"@id\":\"https:\\\/\\\/opikielia.fi\\\/index.php\\\/2024\\\/09\\\/17\\\/monia-kielia-vai-monikielisyytta\\\/#breadcrumb\"},\"inLanguage\":\"fi\",\"potentialAction\":[{\"@type\":\"ReadAction\",\"target\":[\"https:\\\/\\\/opikielia.fi\\\/index.php\\\/2024\\\/09\\\/17\\\/monia-kielia-vai-monikielisyytta\\\/\"]}]},{\"@type\":\"ImageObject\",\"inLanguage\":\"fi\",\"@id\":\"https:\\\/\\\/opikielia.fi\\\/index.php\\\/2024\\\/09\\\/17\\\/monia-kielia-vai-monikielisyytta\\\/#primaryimage\",\"url\":\"https:\\\/\\\/opikielia.fi\\\/wp-content\\\/uploads\\\/2024\\\/08\\\/PXL_20240621_105522737-scaled-e1726575471816.jpg\",\"contentUrl\":\"https:\\\/\\\/opikielia.fi\\\/wp-content\\\/uploads\\\/2024\\\/08\\\/PXL_20240621_105522737-scaled-e1726575471816.jpg\",\"width\":1928,\"height\":1574},{\"@type\":\"BreadcrumbList\",\"@id\":\"https:\\\/\\\/opikielia.fi\\\/index.php\\\/2024\\\/09\\\/17\\\/monia-kielia-vai-monikielisyytta\\\/#breadcrumb\",\"itemListElement\":[{\"@type\":\"ListItem\",\"position\":1,\"name\":\"Etusivu\",\"item\":\"http:\\\/\\\/opikielia.fi\\\/\"},{\"@type\":\"ListItem\",\"position\":2,\"name\":\"Monia kieli\u00e4 vai monikielisyytt\u00e4?\"}]},{\"@type\":\"WebSite\",\"@id\":\"http:\\\/\\\/opikielia.fi\\\/#website\",\"url\":\"http:\\\/\\\/opikielia.fi\\\/\",\"name\":\"Opi kieli&auml;\",\"description\":\"Blogi kielenoppimisesta\",\"publisher\":{\"@id\":\"http:\\\/\\\/opikielia.fi\\\/#\\\/schema\\\/person\\\/100e51ded37085b3300c28b7e6fa257f\"},\"alternateName\":\"Opi kielia\",\"potentialAction\":[{\"@type\":\"SearchAction\",\"target\":{\"@type\":\"EntryPoint\",\"urlTemplate\":\"http:\\\/\\\/opikielia.fi\\\/?s={search_term_string}\"},\"query-input\":{\"@type\":\"PropertyValueSpecification\",\"valueRequired\":true,\"valueName\":\"search_term_string\"}}],\"inLanguage\":\"fi\"},{\"@type\":[\"Person\",\"Organization\"],\"@id\":\"http:\\\/\\\/opikielia.fi\\\/#\\\/schema\\\/person\\\/100e51ded37085b3300c28b7e6fa257f\",\"name\":\"Lotta\",\"image\":{\"@type\":\"ImageObject\",\"inLanguage\":\"fi\",\"@id\":\"https:\\\/\\\/opikielia.fi\\\/wp-content\\\/uploads\\\/2023\\\/09\\\/cropped-Ok_logo.png\",\"url\":\"https:\\\/\\\/opikielia.fi\\\/wp-content\\\/uploads\\\/2023\\\/09\\\/cropped-Ok_logo.png\",\"contentUrl\":\"https:\\\/\\\/opikielia.fi\\\/wp-content\\\/uploads\\\/2023\\\/09\\\/cropped-Ok_logo.png\",\"width\":144,\"height\":111,\"caption\":\"Lotta\"},\"logo\":{\"@id\":\"https:\\\/\\\/opikielia.fi\\\/wp-content\\\/uploads\\\/2023\\\/09\\\/cropped-Ok_logo.png\"},\"sameAs\":[\"http:\\\/\\\/opikielia.fi\",\"www.linkedin.com\\\/in\\\/lotta-aunio-7a723b17\"],\"url\":\"https:\\\/\\\/opikielia.fi\\\/index.php\\\/author\\\/admin\\\/\"}]}<\/script>\n<!-- \/ Yoast SEO plugin. -->","yoast_head_json":{"title":"Monia kieli\u00e4 vai monikielisyytt\u00e4? - Opi kieli&auml;","description":"Yksil\u00f6n monikielisyys ei tarkoita sit\u00e4, ett\u00e4 h\u00e4nell\u00e4 olisi v\u00e4ltt\u00e4m\u00e4tt\u00e4 vastaava kielitaito useammassa eri kieless\u00e4, vaan kaikki yksil\u00f6n osaamat kielet muodostavat yhdess\u00e4 h\u00e4nen kielellisen repertuaarinsa.","robots":{"index":"index","follow":"follow","max-snippet":"max-snippet:-1","max-image-preview":"max-image-preview:large","max-video-preview":"max-video-preview:-1"},"canonical":"https:\/\/opikielia.fi\/index.php\/2024\/09\/17\/monia-kielia-vai-monikielisyytta\/","og_locale":"fi_FI","og_type":"article","og_title":"Monia kieli\u00e4 vai monikielisyytt\u00e4? - Opi kieli&auml;","og_description":"Yksil\u00f6n monikielisyys ei tarkoita sit\u00e4, ett\u00e4 h\u00e4nell\u00e4 olisi v\u00e4ltt\u00e4m\u00e4tt\u00e4 vastaava kielitaito useammassa eri kieless\u00e4, vaan kaikki yksil\u00f6n osaamat kielet muodostavat yhdess\u00e4 h\u00e4nen kielellisen repertuaarinsa.","og_url":"https:\/\/opikielia.fi\/index.php\/2024\/09\/17\/monia-kielia-vai-monikielisyytta\/","og_site_name":"Opi kieli&auml;","article_published_time":"2024-09-17T12:30:46+00:00","article_modified_time":"2024-09-17T12:30:47+00:00","og_image":[{"width":1928,"height":1574,"url":"https:\/\/opikielia.fi\/wp-content\/uploads\/2024\/08\/PXL_20240621_105522737-scaled-e1726575471816.jpg","type":"image\/jpeg"}],"author":"Lotta","twitter_card":"summary_large_image","twitter_misc":{"Kirjoittanut":"Lotta","Arvioitu lukuaika":"3 minuuttia"},"schema":{"@context":"https:\/\/schema.org","@graph":[{"@type":"Article","@id":"https:\/\/opikielia.fi\/index.php\/2024\/09\/17\/monia-kielia-vai-monikielisyytta\/#article","isPartOf":{"@id":"https:\/\/opikielia.fi\/index.php\/2024\/09\/17\/monia-kielia-vai-monikielisyytta\/"},"author":{"name":"Lotta","@id":"http:\/\/opikielia.fi\/#\/schema\/person\/100e51ded37085b3300c28b7e6fa257f"},"headline":"Monia kieli\u00e4 vai monikielisyytt\u00e4?","datePublished":"2024-09-17T12:30:46+00:00","dateModified":"2024-09-17T12:30:47+00:00","mainEntityOfPage":{"@id":"https:\/\/opikielia.fi\/index.php\/2024\/09\/17\/monia-kielia-vai-monikielisyytta\/"},"wordCount":411,"publisher":{"@id":"http:\/\/opikielia.fi\/#\/schema\/person\/100e51ded37085b3300c28b7e6fa257f"},"image":{"@id":"https:\/\/opikielia.fi\/index.php\/2024\/09\/17\/monia-kielia-vai-monikielisyytta\/#primaryimage"},"thumbnailUrl":"https:\/\/opikielia.fi\/wp-content\/uploads\/2024\/08\/PXL_20240621_105522737-scaled-e1726575471816.jpg","keywords":["monikielisyys"],"articleSection":["blogi"],"inLanguage":"fi"},{"@type":"WebPage","@id":"https:\/\/opikielia.fi\/index.php\/2024\/09\/17\/monia-kielia-vai-monikielisyytta\/","url":"https:\/\/opikielia.fi\/index.php\/2024\/09\/17\/monia-kielia-vai-monikielisyytta\/","name":"Monia kieli\u00e4 vai monikielisyytt\u00e4? - Opi kieli&auml;","isPartOf":{"@id":"http:\/\/opikielia.fi\/#website"},"primaryImageOfPage":{"@id":"https:\/\/opikielia.fi\/index.php\/2024\/09\/17\/monia-kielia-vai-monikielisyytta\/#primaryimage"},"image":{"@id":"https:\/\/opikielia.fi\/index.php\/2024\/09\/17\/monia-kielia-vai-monikielisyytta\/#primaryimage"},"thumbnailUrl":"https:\/\/opikielia.fi\/wp-content\/uploads\/2024\/08\/PXL_20240621_105522737-scaled-e1726575471816.jpg","datePublished":"2024-09-17T12:30:46+00:00","dateModified":"2024-09-17T12:30:47+00:00","description":"Yksil\u00f6n monikielisyys ei tarkoita sit\u00e4, ett\u00e4 h\u00e4nell\u00e4 olisi v\u00e4ltt\u00e4m\u00e4tt\u00e4 vastaava kielitaito useammassa eri kieless\u00e4, vaan kaikki yksil\u00f6n osaamat kielet muodostavat yhdess\u00e4 h\u00e4nen kielellisen repertuaarinsa.","breadcrumb":{"@id":"https:\/\/opikielia.fi\/index.php\/2024\/09\/17\/monia-kielia-vai-monikielisyytta\/#breadcrumb"},"inLanguage":"fi","potentialAction":[{"@type":"ReadAction","target":["https:\/\/opikielia.fi\/index.php\/2024\/09\/17\/monia-kielia-vai-monikielisyytta\/"]}]},{"@type":"ImageObject","inLanguage":"fi","@id":"https:\/\/opikielia.fi\/index.php\/2024\/09\/17\/monia-kielia-vai-monikielisyytta\/#primaryimage","url":"https:\/\/opikielia.fi\/wp-content\/uploads\/2024\/08\/PXL_20240621_105522737-scaled-e1726575471816.jpg","contentUrl":"https:\/\/opikielia.fi\/wp-content\/uploads\/2024\/08\/PXL_20240621_105522737-scaled-e1726575471816.jpg","width":1928,"height":1574},{"@type":"BreadcrumbList","@id":"https:\/\/opikielia.fi\/index.php\/2024\/09\/17\/monia-kielia-vai-monikielisyytta\/#breadcrumb","itemListElement":[{"@type":"ListItem","position":1,"name":"Etusivu","item":"http:\/\/opikielia.fi\/"},{"@type":"ListItem","position":2,"name":"Monia kieli\u00e4 vai monikielisyytt\u00e4?"}]},{"@type":"WebSite","@id":"http:\/\/opikielia.fi\/#website","url":"http:\/\/opikielia.fi\/","name":"Opi kieli&auml;","description":"Blogi kielenoppimisesta","publisher":{"@id":"http:\/\/opikielia.fi\/#\/schema\/person\/100e51ded37085b3300c28b7e6fa257f"},"alternateName":"Opi kielia","potentialAction":[{"@type":"SearchAction","target":{"@type":"EntryPoint","urlTemplate":"http:\/\/opikielia.fi\/?s={search_term_string}"},"query-input":{"@type":"PropertyValueSpecification","valueRequired":true,"valueName":"search_term_string"}}],"inLanguage":"fi"},{"@type":["Person","Organization"],"@id":"http:\/\/opikielia.fi\/#\/schema\/person\/100e51ded37085b3300c28b7e6fa257f","name":"Lotta","image":{"@type":"ImageObject","inLanguage":"fi","@id":"https:\/\/opikielia.fi\/wp-content\/uploads\/2023\/09\/cropped-Ok_logo.png","url":"https:\/\/opikielia.fi\/wp-content\/uploads\/2023\/09\/cropped-Ok_logo.png","contentUrl":"https:\/\/opikielia.fi\/wp-content\/uploads\/2023\/09\/cropped-Ok_logo.png","width":144,"height":111,"caption":"Lotta"},"logo":{"@id":"https:\/\/opikielia.fi\/wp-content\/uploads\/2023\/09\/cropped-Ok_logo.png"},"sameAs":["http:\/\/opikielia.fi","www.linkedin.com\/in\/lotta-aunio-7a723b17"],"url":"https:\/\/opikielia.fi\/index.php\/author\/admin\/"}]}},"_links":{"self":[{"href":"https:\/\/opikielia.fi\/index.php\/wp-json\/wp\/v2\/posts\/310","targetHints":{"allow":["GET"]}}],"collection":[{"href":"https:\/\/opikielia.fi\/index.php\/wp-json\/wp\/v2\/posts"}],"about":[{"href":"https:\/\/opikielia.fi\/index.php\/wp-json\/wp\/v2\/types\/post"}],"author":[{"embeddable":true,"href":"https:\/\/opikielia.fi\/index.php\/wp-json\/wp\/v2\/users\/1"}],"replies":[{"embeddable":true,"href":"https:\/\/opikielia.fi\/index.php\/wp-json\/wp\/v2\/comments?post=310"}],"version-history":[{"count":7,"href":"https:\/\/opikielia.fi\/index.php\/wp-json\/wp\/v2\/posts\/310\/revisions"}],"predecessor-version":[{"id":317,"href":"https:\/\/opikielia.fi\/index.php\/wp-json\/wp\/v2\/posts\/310\/revisions\/317"}],"wp:featuredmedia":[{"embeddable":true,"href":"https:\/\/opikielia.fi\/index.php\/wp-json\/wp\/v2\/media\/303"}],"wp:attachment":[{"href":"https:\/\/opikielia.fi\/index.php\/wp-json\/wp\/v2\/media?parent=310"}],"wp:term":[{"taxonomy":"category","embeddable":true,"href":"https:\/\/opikielia.fi\/index.php\/wp-json\/wp\/v2\/categories?post=310"},{"taxonomy":"post_tag","embeddable":true,"href":"https:\/\/opikielia.fi\/index.php\/wp-json\/wp\/v2\/tags?post=310"}],"curies":[{"name":"wp","href":"https:\/\/api.w.org\/{rel}","templated":true}]}}